{"id":10218,"date":"2026-09-03T11:00:00","date_gmt":"2026-09-03T09:00:00","guid":{"rendered":"https:\/\/petiteceinture.org\/?p=10218"},"modified":"2026-09-02T18:45:12","modified_gmt":"2026-09-02T16:45:12","slug":"journees-du-patrimoine-petite-ceinture-ligne-dauteuil","status":"publish","type":"post","link":"https:\/\/petiteceinture.org\/en\/lassociation\/journees-du-patrimoine-petite-ceinture-ligne-dauteuil\/","title":{"rendered":"Journ\u00e9es du Patrimoine 2026&nbsp;: de la Petite Ceinture \u00e0 la ligne d\u2019Auteuil, de la gare Saint-Lazare aux Batignolles"},"content":{"rendered":"<p class=\"wp-block-paragraph\">L\u2019\u00e9dition 2026 des&nbsp;<strong>Journ\u00e9es Europ\u00e9ennes du Patrimoine<\/strong>&nbsp;se d\u00e9roulera le week-end du samedi 19 au dimanche 20 septembre 2026. \u00c0 cette occasion, rejoignez-nous pour une&nbsp;<strong>visite-conf\u00e9rence exceptionnelle<\/strong>&nbsp;autour du r\u00e9seau de la&nbsp;<strong>gare Saint-Lazare,&nbsp;<\/strong>de la<strong>&nbsp;Petite Ceinture ferroviaire<\/strong>&nbsp;et de la&nbsp;<strong>ligne d\u2019Auteuil&nbsp;!<\/strong><\/p>\n\n\n\n<figure class=\"wp-block-image size-full\"><img fetchpriority=\"high\" decoding=\"async\" width=\"1000\" height=\"462\" src=\"https:\/\/petiteceinture.org\/wp-content\/uploads\/2026\/09\/Banniere-JEP-2026-1000px.jpg\" alt class=\"wp-image-10221\" srcset=\"https:\/\/petiteceinture.org\/wp-content\/uploads\/2026\/09\/Banniere-JEP-2026-1000px.jpg 1000w, https:\/\/petiteceinture.org\/wp-content\/uploads\/2026\/09\/Banniere-JEP-2026-1000px-300x139.jpg 300w, https:\/\/petiteceinture.org\/wp-content\/uploads\/2026\/09\/Banniere-JEP-2026-1000px-768x355.jpg 768w, https:\/\/petiteceinture.org\/wp-content\/uploads\/2026\/09\/Banniere-JEP-2026-1000px-18x8.jpg 18w\" sizes=\"(max-width: 1000px) 100vw, 1000px\"><\/figure>\n\n\n\n<div class=\"wp-block-buttons is-content-justification-center is-layout-flex wp-container-core-buttons-is-layout-fe48e5de wp-block-buttons-is-layout-flex\">\n<div class=\"wp-block-button\"><a class=\"wp-block-button__link has-vivid-red-background-color has-background wp-element-button\" href=\"https:\/\/aspcrf.org\/jep2026\">Je m\u2019inscris&nbsp;!<\/a><\/div>\n<\/div>\n\n\n\n<p class=\"wp-block-paragraph\">\u00c0 l\u2019occasion du&nbsp;<strong>Bicentenaire de la Photographie<\/strong>, et \u00e0 l\u2019approche des 200 ans de la premi\u00e8re ligne de chemin de fer en France, rendez-vous pour une&nbsp;<strong>visite-conf\u00e9rence exceptionnelle<\/strong>&nbsp;autour du&nbsp;<strong>r\u00e9seau de la gare Saint-Lazare<\/strong>&nbsp;!<\/p>\n\n\n\n<p class=\"wp-block-paragraph\">Nous partirons de la&nbsp;<strong>place de l\u2019Europe<\/strong>&nbsp;: un point de vue id\u00e9al sur celle qui n\u2019est autre que la plus ancienne des gares de Paris. Nous nous dirigerons ensuite vers la gare de Pont-Cardinet, avant d\u2019explorer la ligne d\u2019Auteuil au sein de la Tranch\u00e9e Pereire, puis le Parc Martin Luther-King.<\/p>\n\n\n\n<p class=\"wp-block-paragraph\">Quatre s\u00e9ances vous sont propos\u00e9es&nbsp;:<\/p>\n\n\n\n<ul class=\"wp-block-list\">\n<li><strong>samedi 19 septembre 2026 \u00e0 10 h ou 15&nbsp;h<\/strong><\/li>\n\n\n\n<li><strong>dimanche 20 septembre 2026 \u00e0 10 h ou 15&nbsp;h<\/strong><\/li>\n<\/ul>\n\n\n\n<p class=\"wp-block-paragraph\">L\u2019inscription pr\u00e9alable est&nbsp;<strong>obligatoire<\/strong>&nbsp;!<\/p>\n\n\n\n<div class=\"wp-block-buttons is-content-justification-center is-layout-flex wp-container-core-buttons-is-layout-fe48e5de wp-block-buttons-is-layout-flex\">\n<div class=\"wp-block-button\"><a class=\"wp-block-button__link has-vivid-red-background-color has-background wp-element-button\" href=\"https:\/\/aspcrf.org\/jep2026\">Je m\u2019inscris&nbsp;!<\/a><\/div>\n<\/div>\n\n\n\n<p class=\"wp-block-paragraph\"><strong>Pr\u00e9voir un ticket t+ ou un abonnement Navigo en cours de validit\u00e9 en compl\u00e9ment.<\/strong><\/p>\n\n\n\n<p class=\"wp-block-paragraph\"><em>Si vous \u00eates adh\u00e9rent bienfaiteur, vous b\u00e9n\u00e9ficiez de la gratuit\u00e9 d\u2019acc\u00e8s \u00e0 nos visites. Contactez-nous en r\u00e9pondant \u00e0 ce courriel pour en b\u00e9n\u00e9ficier \u00e0 la date de votre&nbsp;choix.<\/em><\/p>","protected":false},"excerpt":{"rendered":"<p>Pour les Journ\u00e9es du patrimoine 2026, d\u00e9couvrez nos visites-conf\u00e9rences exceptionnelles autour de la gare Saint-Lazare, de la Petite Ceinturet et de la ligne d\u2019Auteuil&nbsp;!<\/p>","protected":false},"author":4,"featured_media":10220,"comment_status":"open","ping_status":"closed","sticky":false,"template":"","format":"standard","meta":{"wp_typography_post_enhancements_disabled":false,"ocean_front_end_style_editor":"no","ocean_post_layout":"","ocean_both_sidebars_style":"","ocean_both_sidebars_content_width":0,"ocean_both_sidebars_sidebars_width":0,"ocean_sidebar":"","ocean_second_sidebar":"","ocean_disable_margins":"enable","ocean_add_body_class":"","ocean_shortcode_before_top_bar":"","ocean_shortcode_after_top_bar":"","ocean_shortcode_before_header":"","ocean_shortcode_after_header":"","ocean_has_shortcode":"","ocean_shortcode_after_title":"","ocean_shortcode_before_footer_widgets":"","ocean_shortcode_after_footer_widgets":"","ocean_shortcode_before_footer_bottom":"","ocean_shortcode_after_footer_bottom":"","ocean_display_top_bar":"default","ocean_display_header":"default","ocean_header_style":"","ocean_center_header_left_menu":"","ocean_custom_header_template":"","ocean_custom_logo":0,"ocean_custom_retina_logo":0,"ocean_custom_logo_max_width":0,"ocean_custom_logo_tablet_max_width":0,"ocean_custom_logo_mobile_max_width":0,"ocean_custom_logo_max_height":0,"ocean_custom_logo_tablet_max_height":0,"ocean_custom_logo_mobile_max_height":0,"ocean_header_custom_menu":"","ocean_menu_typo_font_family":"","ocean_menu_typo_font_subset":"","ocean_menu_typo_font_size":0,"ocean_menu_typo_font_size_tablet":0,"ocean_menu_typo_font_size_mobile":0,"ocean_menu_typo_font_size_unit":"px","ocean_menu_typo_font_weight":"","ocean_menu_typo_font_weight_tablet":"","ocean_menu_typo_font_weight_mobile":"","ocean_menu_typo_transform":"","ocean_menu_typo_transform_tablet":"","ocean_menu_typo_transform_mobile":"","ocean_menu_typo_line_height":0,"ocean_menu_typo_line_height_tablet":0,"ocean_menu_typo_line_height_mobile":0,"ocean_menu_typo_line_height_unit":"","ocean_menu_typo_spacing":0,"ocean_menu_typo_spacing_tablet":0,"ocean_menu_typo_spacing_mobile":0,"ocean_menu_typo_spacing_unit":"","ocean_menu_link_color":"","ocean_menu_link_color_hover":"","ocean_menu_link_color_active":"","ocean_menu_link_background":"","ocean_menu_link_hover_background":"","ocean_menu_link_active_background":"","ocean_menu_social_links_bg":"","ocean_menu_social_hover_links_bg":"","ocean_menu_social_links_color":"","ocean_menu_social_hover_links_color":"","ocean_disable_title":"default","ocean_disable_heading":"default","ocean_post_title":"","ocean_post_subheading":"","ocean_post_title_style":"","ocean_post_title_background_color":"","ocean_post_title_background":0,"ocean_post_title_bg_image_position":"","ocean_post_title_bg_image_attachment":"","ocean_post_title_bg_image_repeat":"","ocean_post_title_bg_image_size":"","ocean_post_title_height":0,"ocean_post_title_bg_overlay":0.5,"ocean_post_title_bg_overlay_color":"","ocean_disable_breadcrumbs":"default","ocean_breadcrumbs_color":"","ocean_breadcrumbs_separator_color":"","ocean_breadcrumbs_links_color":"","ocean_breadcrumbs_links_hover_color":"","ocean_display_footer_widgets":"default","ocean_display_footer_bottom":"default","ocean_custom_footer_template":"","ofc_meta_disable_footer_callout":"","ofc_meta_callout_button_url":"","ofc_meta_callout_button_txt":"","ofc_meta_callout_text":"","ofc_enable_fullscreen":"disable","ofc_fullscreen_speed":0,"ofc_fullscreen_nav":"enable","ofc_fullscreen_nav_pos":"right","ofc_fullscreen_nav_color":"","ofc_fullscreen_nav_tooltip_color":"","ofc_fullscreen_responsive":0,"ocean_post_oembed":"","ocean_post_self_hosted_media":"","ocean_post_video_embed":"","ocean_link_format":"","ocean_link_format_target":"self","ocean_quote_format":"","ocean_quote_format_link":"post","ocean_gallery_link_images":"on","ocean_gallery_id":[],"footnotes":""},"categories":[4],"tags":[205,240,239,18],"class_list":["post-10218","post","type-post","status-publish","format-standard","has-post-thumbnail","hentry","category-lassociation","tag-journees-du-patrimoine","tag-journees-du-patrimoine-2026","tag-ligne-dauteuil","tag-petite-ceinture","entry","has-media"],"yoast_head":"<!-- This site is optimized with the Yoast SEO plugin v28.2 - https:\/\/yoast.com\/product\/yoast-seo-wordpress\/ -->\n<title>Journ\u00e9es du Patrimoine 2026, de la Petite Ceinture \u00e0 la ligne d&#039;Auteuil, de la gare Saint-Lazare aux Batignolles<\/title>\n<meta name=\"description\" content=\"Pour les Journ\u00e9es du patrimoine 2026, d\u00e9couvrez nos visites-conf\u00e9rences exceptionnelles autour de la gare Saint-Lazare, de la Petite Ceinturet et de la ligne d&#039;Auteuil !\" \/>\n<meta name=\"robots\" content=\"index, follow, max-snippet:-1, max-image-preview:large, max-video-preview:-1\" \/>\n<link rel=\"canonical\" href=\"https:\/\/petiteceinture.org\/en\/lassociation\/journees-du-patrimoine-petite-ceinture-ligne-dauteuil\/\" \/>\n<meta property=\"og:locale\" content=\"en_GB\" \/>\n<meta property=\"og:type\" content=\"article\" \/>\n<meta property=\"og:title\" content=\"Journ\u00e9es du Patrimoine 2026, de la Petite Ceinture \u00e0 la ligne d&#039;Auteuil, de la gare Saint-Lazare aux Batignolles\" \/>\n<meta property=\"og:description\" content=\"Pour les Journ\u00e9es du patrimoine 2026, d\u00e9couvrez nos visites-conf\u00e9rences exceptionnelles autour de la gare Saint-Lazare, de la Petite Ceinturet et de la ligne d&#039;Auteuil !\" \/>\n<meta property=\"og:url\" content=\"https:\/\/petiteceinture.org\/en\/lassociation\/journees-du-patrimoine-petite-ceinture-ligne-dauteuil\/\" \/>\n<meta property=\"og:site_name\" content=\"Association Sauvegarde Petite Ceinture\" \/>\n<meta property=\"article:publisher\" content=\"https:\/\/www.facebook.com\/pages\/Petite-Ceinture-Ferroviaire-de-Paris\/384748434945135\" \/>\n<meta property=\"article:published_time\" content=\"2026-09-03T09:00:00+00:00\" \/>\n<meta property=\"og:image\" content=\"https:\/\/petiteceinture.org\/wp-content\/uploads\/2026\/09\/Affiche-JEP-2026-1000px.jpg\" \/>\n\t<meta property=\"og:image:width\" content=\"1001\" \/>\n\t<meta property=\"og:image:height\" content=\"667\" \/>\n\t<meta property=\"og:image:type\" content=\"image\/jpeg\" \/>\n<meta name=\"author\" content=\"Jean-Nicolas Lehec\" \/>\n<meta name=\"twitter:card\" content=\"summary_large_image\" \/>\n<meta name=\"twitter:creator\" content=\"@aspcrf\" \/>\n<meta name=\"twitter:site\" content=\"@aspcrf\" \/>\n<meta name=\"twitter:label1\" content=\"Written by\" \/>\n\t<meta name=\"twitter:data1\" content=\"Jean-Nicolas Lehec\" \/>\n\t<meta name=\"twitter:label2\" content=\"Estimated reading time\" \/>\n\t<meta name=\"twitter:data2\" content=\"2 minutes\" \/>\n<script type=\"application\/ld+json\" class=\"yoast-schema-graph\">{\"@context\":\"https:\\\/\\\/schema.org\",\"@graph\":[{\"@type\":\"NewsArticle\",\"@id\":\"https:\\\/\\\/petiteceinture.org\\\/lassociation\\\/journees-du-patrimoine-petite-ceinture-ligne-dauteuil\\\/#article\",\"isPartOf\":{\"@id\":\"https:\\\/\\\/petiteceinture.org\\\/lassociation\\\/journees-du-patrimoine-petite-ceinture-ligne-dauteuil\\\/\"},\"author\":{\"name\":\"Jean-Nicolas Lehec\",\"@id\":\"https:\\\/\\\/petiteceinture.org\\\/#\\\/schema\\\/person\\\/2fe2c71d6db6cf329d2e43f6b0b310af\"},\"headline\":\"Journ\u00e9es du Patrimoine 2026 : de la Petite Ceinture \u00e0 la ligne d&rsquo;Auteuil, de la gare Saint-Lazare aux Batignolles\",\"datePublished\":\"2026-09-03T09:00:00+00:00\",\"mainEntityOfPage\":{\"@id\":\"https:\\\/\\\/petiteceinture.org\\\/lassociation\\\/journees-du-patrimoine-petite-ceinture-ligne-dauteuil\\\/\"},\"wordCount\":250,\"commentCount\":0,\"publisher\":{\"@id\":\"https:\\\/\\\/petiteceinture.org\\\/#organization\"},\"image\":{\"@id\":\"https:\\\/\\\/petiteceinture.org\\\/lassociation\\\/journees-du-patrimoine-petite-ceinture-ligne-dauteuil\\\/#primaryimage\"},\"thumbnailUrl\":\"https:\\\/\\\/petiteceinture.org\\\/wp-content\\\/uploads\\\/2026\\\/09\\\/Affiche-JEP-2026-1000px.jpg\",\"keywords\":[\"Journ\u00e9es du Patrimoine\",\"Journ\u00e9es du Patrimoine 2026\",\"ligne d'Auteuil\",\"Petite Ceinture\"],\"articleSection\":[\"L'association\"],\"inLanguage\":\"en-GB\",\"potentialAction\":[{\"@type\":\"CommentAction\",\"name\":\"Comment\",\"target\":[\"https:\\\/\\\/petiteceinture.org\\\/lassociation\\\/journees-du-patrimoine-petite-ceinture-ligne-dauteuil\\\/#respond\"]}]},{\"@type\":\"WebPage\",\"@id\":\"https:\\\/\\\/petiteceinture.org\\\/lassociation\\\/journees-du-patrimoine-petite-ceinture-ligne-dauteuil\\\/\",\"url\":\"https:\\\/\\\/petiteceinture.org\\\/lassociation\\\/journees-du-patrimoine-petite-ceinture-ligne-dauteuil\\\/\",\"name\":\"Journ\u00e9es du Patrimoine 2026, de la Petite Ceinture \u00e0 la ligne d'Auteuil, de la gare Saint-Lazare aux Batignolles\",\"isPartOf\":{\"@id\":\"https:\\\/\\\/petiteceinture.org\\\/#website\"},\"primaryImageOfPage\":{\"@id\":\"https:\\\/\\\/petiteceinture.org\\\/lassociation\\\/journees-du-patrimoine-petite-ceinture-ligne-dauteuil\\\/#primaryimage\"},\"image\":{\"@id\":\"https:\\\/\\\/petiteceinture.org\\\/lassociation\\\/journees-du-patrimoine-petite-ceinture-ligne-dauteuil\\\/#primaryimage\"},\"thumbnailUrl\":\"https:\\\/\\\/petiteceinture.org\\\/wp-content\\\/uploads\\\/2026\\\/09\\\/Affiche-JEP-2026-1000px.jpg\",\"datePublished\":\"2026-09-03T09:00:00+00:00\",\"description\":\"Pour les Journ\u00e9es du patrimoine 2026, d\u00e9couvrez nos visites-conf\u00e9rences exceptionnelles autour de la gare Saint-Lazare, de la Petite Ceinturet et de la ligne d'Auteuil !\",\"breadcrumb\":{\"@id\":\"https:\\\/\\\/petiteceinture.org\\\/lassociation\\\/journees-du-patrimoine-petite-ceinture-ligne-dauteuil\\\/#breadcrumb\"},\"inLanguage\":\"en-GB\",\"potentialAction\":[{\"@type\":\"ReadAction\",\"target\":[\"https:\\\/\\\/petiteceinture.org\\\/lassociation\\\/journees-du-patrimoine-petite-ceinture-ligne-dauteuil\\\/\"]}]},{\"@type\":\"ImageObject\",\"inLanguage\":\"en-GB\",\"@id\":\"https:\\\/\\\/petiteceinture.org\\\/lassociation\\\/journees-du-patrimoine-petite-ceinture-ligne-dauteuil\\\/#primaryimage\",\"url\":\"https:\\\/\\\/petiteceinture.org\\\/wp-content\\\/uploads\\\/2026\\\/09\\\/Affiche-JEP-2026-1000px.jpg\",\"contentUrl\":\"https:\\\/\\\/petiteceinture.org\\\/wp-content\\\/uploads\\\/2026\\\/09\\\/Affiche-JEP-2026-1000px.jpg\",\"width\":1001,\"height\":667},{\"@type\":\"BreadcrumbList\",\"@id\":\"https:\\\/\\\/petiteceinture.org\\\/lassociation\\\/journees-du-patrimoine-petite-ceinture-ligne-dauteuil\\\/#breadcrumb\",\"itemListElement\":[{\"@type\":\"ListItem\",\"position\":1,\"name\":\"Accueil\",\"item\":\"https:\\\/\\\/petiteceinture.org\\\/\"},{\"@type\":\"ListItem\",\"position\":2,\"name\":\"Journ\u00e9es du Patrimoine 2026 : de la Petite Ceinture \u00e0 la ligne d&rsquo;Auteuil, de la gare Saint-Lazare aux Batignolles\"}]},{\"@type\":\"WebSite\",\"@id\":\"https:\\\/\\\/petiteceinture.org\\\/#website\",\"url\":\"https:\\\/\\\/petiteceinture.org\\\/\",\"name\":\"Association Sauvegarde Petite Ceinture\",\"description\":\"Association pour la Sauvegarde de la Petite Ceinture et de son r\u00e9seau ferr\u00e9\",\"publisher\":{\"@id\":\"https:\\\/\\\/petiteceinture.org\\\/#organization\"},\"potentialAction\":[{\"@type\":\"SearchAction\",\"target\":{\"@type\":\"EntryPoint\",\"urlTemplate\":\"https:\\\/\\\/petiteceinture.org\\\/?s={search_term_string}\"},\"query-input\":{\"@type\":\"PropertyValueSpecification\",\"valueRequired\":true,\"valueName\":\"search_term_string\"}}],\"inLanguage\":\"en-GB\"},{\"@type\":\"Organization\",\"@id\":\"https:\\\/\\\/petiteceinture.org\\\/#organization\",\"name\":\"Association Sauvegarde de la Petite Ceinture et de son R\u00e9seau Ferr\u00e9\",\"url\":\"https:\\\/\\\/petiteceinture.org\\\/\",\"logo\":{\"@type\":\"ImageObject\",\"inLanguage\":\"en-GB\",\"@id\":\"https:\\\/\\\/petiteceinture.org\\\/#\\\/schema\\\/logo\\\/image\\\/\",\"url\":\"https:\\\/\\\/petiteceinture.org\\\/wp-content\\\/uploads\\\/2020\\\/01\\\/Logo-SPC-fond-blanc-200.png\",\"contentUrl\":\"https:\\\/\\\/petiteceinture.org\\\/wp-content\\\/uploads\\\/2020\\\/01\\\/Logo-SPC-fond-blanc-200.png\",\"width\":200,\"height\":206,\"caption\":\"Association Sauvegarde de la Petite Ceinture et de son R\u00e9seau Ferr\u00e9\"},\"image\":{\"@id\":\"https:\\\/\\\/petiteceinture.org\\\/#\\\/schema\\\/logo\\\/image\\\/\"},\"sameAs\":[\"https:\\\/\\\/www.facebook.com\\\/pages\\\/Petite-Ceinture-Ferroviaire-de-Paris\\\/384748434945135\",\"https:\\\/\\\/x.com\\\/aspcrf\",\"https:\\\/\\\/www.instagram.com\\\/petiteceintureparis\",\"https:\\\/\\\/www.pinterest.fr\\\/petiteceintureparis\\\/\",\"https:\\\/\\\/www.youtube.com\\\/channel\\\/UC-HE5oJlzq506aGkEsaZzWA\"]},{\"@type\":\"Person\",\"@id\":\"https:\\\/\\\/petiteceinture.org\\\/#\\\/schema\\\/person\\\/2fe2c71d6db6cf329d2e43f6b0b310af\",\"name\":\"Jean-Nicolas Lehec\"}]}<\/script>\n<!-- \/ Yoast SEO plugin. -->","yoast_head_json":{"title":"Journ\u00e9es du Patrimoine 2026, de la Petite Ceinture \u00e0 la ligne d\u2019Auteuil, de la gare Saint-Lazare aux Batignolles","description":"Pour les Journ\u00e9es du patrimoine 2026, d\u00e9couvrez nos visites-conf\u00e9rences exceptionnelles autour de la gare Saint-Lazare, de la Petite Ceinturet et de la ligne d\u2019Auteuil&nbsp;!","robots":{"index":"index","follow":"follow","max-snippet":"max-snippet:-1","max-image-preview":"max-image-preview:large","max-video-preview":"max-video-preview:-1"},"canonical":"https:\/\/petiteceinture.org\/en\/lassociation\/journees-du-patrimoine-petite-ceinture-ligne-dauteuil\/","og_locale":"en_GB","og_type":"article","og_title":"Journ\u00e9es du Patrimoine 2026, de la Petite Ceinture \u00e0 la ligne d'Auteuil, de la gare Saint-Lazare aux Batignolles","og_description":"Pour les Journ\u00e9es du patrimoine 2026, d\u00e9couvrez nos visites-conf\u00e9rences exceptionnelles autour de la gare Saint-Lazare, de la Petite Ceinturet et de la ligne d'Auteuil !","og_url":"https:\/\/petiteceinture.org\/en\/lassociation\/journees-du-patrimoine-petite-ceinture-ligne-dauteuil\/","og_site_name":"Association Sauvegarde Petite Ceinture","article_publisher":"https:\/\/www.facebook.com\/pages\/Petite-Ceinture-Ferroviaire-de-Paris\/384748434945135","article_published_time":"2026-09-03T09:00:00+00:00","og_image":[{"width":1001,"height":667,"url":"https:\/\/petiteceinture.org\/wp-content\/uploads\/2026\/09\/Affiche-JEP-2026-1000px.jpg","type":"image\/jpeg"}],"author":"Jean-Nicolas Lehec","twitter_card":"summary_large_image","twitter_creator":"@aspcrf","twitter_site":"@aspcrf","twitter_misc":{"Written by":"Jean-Nicolas Lehec","Estimated reading time":"2 minutes"},"schema":{"@context":"https:\/\/schema.org","@graph":[{"@type":"NewsArticle","@id":"https:\/\/petiteceinture.org\/lassociation\/journees-du-patrimoine-petite-ceinture-ligne-dauteuil\/#article","isPartOf":{"@id":"https:\/\/petiteceinture.org\/lassociation\/journees-du-patrimoine-petite-ceinture-ligne-dauteuil\/"},"author":{"name":"Jean-Nicolas Lehec","@id":"https:\/\/petiteceinture.org\/#\/schema\/person\/2fe2c71d6db6cf329d2e43f6b0b310af"},"headline":"Journ\u00e9es du Patrimoine 2026 : de la Petite Ceinture \u00e0 la ligne d&rsquo;Auteuil, de la gare Saint-Lazare aux Batignolles","datePublished":"2026-09-03T09:00:00+00:00","mainEntityOfPage":{"@id":"https:\/\/petiteceinture.org\/lassociation\/journees-du-patrimoine-petite-ceinture-ligne-dauteuil\/"},"wordCount":250,"commentCount":0,"publisher":{"@id":"https:\/\/petiteceinture.org\/#organization"},"image":{"@id":"https:\/\/petiteceinture.org\/lassociation\/journees-du-patrimoine-petite-ceinture-ligne-dauteuil\/#primaryimage"},"thumbnailUrl":"https:\/\/petiteceinture.org\/wp-content\/uploads\/2026\/09\/Affiche-JEP-2026-1000px.jpg","keywords":["Journ\u00e9es du Patrimoine","Journ\u00e9es du Patrimoine 2026","ligne d'Auteuil","Petite Ceinture"],"articleSection":["L'association"],"inLanguage":"en-GB","potentialAction":[{"@type":"CommentAction","name":"Comment","target":["https:\/\/petiteceinture.org\/lassociation\/journees-du-patrimoine-petite-ceinture-ligne-dauteuil\/#respond"]}]},{"@type":"WebPage","@id":"https:\/\/petiteceinture.org\/lassociation\/journees-du-patrimoine-petite-ceinture-ligne-dauteuil\/","url":"https:\/\/petiteceinture.org\/lassociation\/journees-du-patrimoine-petite-ceinture-ligne-dauteuil\/","name":"Journ\u00e9es du Patrimoine 2026, de la Petite Ceinture \u00e0 la ligne d\u2019Auteuil, de la gare Saint-Lazare aux Batignolles","isPartOf":{"@id":"https:\/\/petiteceinture.org\/#website"},"primaryImageOfPage":{"@id":"https:\/\/petiteceinture.org\/lassociation\/journees-du-patrimoine-petite-ceinture-ligne-dauteuil\/#primaryimage"},"image":{"@id":"https:\/\/petiteceinture.org\/lassociation\/journees-du-patrimoine-petite-ceinture-ligne-dauteuil\/#primaryimage"},"thumbnailUrl":"https:\/\/petiteceinture.org\/wp-content\/uploads\/2026\/09\/Affiche-JEP-2026-1000px.jpg","datePublished":"2026-09-03T09:00:00+00:00","description":"Pour les Journ\u00e9es du patrimoine 2026, d\u00e9couvrez nos visites-conf\u00e9rences exceptionnelles autour de la gare Saint-Lazare, de la Petite Ceinturet et de la ligne d\u2019Auteuil&nbsp;!","breadcrumb":{"@id":"https:\/\/petiteceinture.org\/lassociation\/journees-du-patrimoine-petite-ceinture-ligne-dauteuil\/#breadcrumb"},"inLanguage":"en-GB","potentialAction":[{"@type":"ReadAction","target":["https:\/\/petiteceinture.org\/lassociation\/journees-du-patrimoine-petite-ceinture-ligne-dauteuil\/"]}]},{"@type":"ImageObject","inLanguage":"en-GB","@id":"https:\/\/petiteceinture.org\/lassociation\/journees-du-patrimoine-petite-ceinture-ligne-dauteuil\/#primaryimage","url":"https:\/\/petiteceinture.org\/wp-content\/uploads\/2026\/09\/Affiche-JEP-2026-1000px.jpg","contentUrl":"https:\/\/petiteceinture.org\/wp-content\/uploads\/2026\/09\/Affiche-JEP-2026-1000px.jpg","width":1001,"height":667},{"@type":"BreadcrumbList","@id":"https:\/\/petiteceinture.org\/lassociation\/journees-du-patrimoine-petite-ceinture-ligne-dauteuil\/#breadcrumb","itemListElement":[{"@type":"ListItem","position":1,"name":"Accueil","item":"https:\/\/petiteceinture.org\/"},{"@type":"ListItem","position":2,"name":"Journ\u00e9es du Patrimoine 2026 : de la Petite Ceinture \u00e0 la ligne d&rsquo;Auteuil, de la gare Saint-Lazare aux Batignolles"}]},{"@type":"WebSite","@id":"https:\/\/petiteceinture.org\/#website","url":"https:\/\/petiteceinture.org\/","name":"Association Sauvegarde Petite Ceinture","description":"Association for the Safeguarding of the Petite Ceinture and its Rail Network","publisher":{"@id":"https:\/\/petiteceinture.org\/#organization"},"potentialAction":[{"@type":"SearchAction","target":{"@type":"EntryPoint","urlTemplate":"https:\/\/petiteceinture.org\/?s={search_term_string}"},"query-input":{"@type":"PropertyValueSpecification","valueRequired":true,"valueName":"search_term_string"}}],"inLanguage":"en-GB"},{"@type":"Organization","@id":"https:\/\/petiteceinture.org\/#organization","name":"Association for the Safeguard of the Petite Ceinture and its Railway Network","url":"https:\/\/petiteceinture.org\/","logo":{"@type":"ImageObject","inLanguage":"en-GB","@id":"https:\/\/petiteceinture.org\/#\/schema\/logo\/image\/","url":"https:\/\/petiteceinture.org\/wp-content\/uploads\/2020\/01\/Logo-SPC-fond-blanc-200.png","contentUrl":"https:\/\/petiteceinture.org\/wp-content\/uploads\/2020\/01\/Logo-SPC-fond-blanc-200.png","width":200,"height":206,"caption":"Association Sauvegarde de la Petite Ceinture et de son R\u00e9seau Ferr\u00e9"},"image":{"@id":"https:\/\/petiteceinture.org\/#\/schema\/logo\/image\/"},"sameAs":["https:\/\/www.facebook.com\/pages\/Petite-Ceinture-Ferroviaire-de-Paris\/384748434945135","https:\/\/x.com\/aspcrf","https:\/\/www.instagram.com\/petiteceintureparis","https:\/\/www.pinterest.fr\/petiteceintureparis\/","https:\/\/www.youtube.com\/channel\/UC-HE5oJlzq506aGkEsaZzWA"]},{"@type":"Person","@id":"https:\/\/petiteceinture.org\/#\/schema\/person\/2fe2c71d6db6cf329d2e43f6b0b310af","name":"Jean-Nicolas Lehec"}]}},"_links":{"self":[{"href":"https:\/\/petiteceinture.org\/en\/wp-json\/wp\/v2\/posts\/10218","targetHints":{"allow":["GET"]}}],"collection":[{"href":"https:\/\/petiteceinture.org\/en\/wp-json\/wp\/v2\/posts"}],"about":[{"href":"https:\/\/petiteceinture.org\/en\/wp-json\/wp\/v2\/types\/post"}],"author":[{"embeddable":true,"href":"https:\/\/petiteceinture.org\/en\/wp-json\/wp\/v2\/users\/4"}],"replies":[{"embeddable":true,"href":"https:\/\/petiteceinture.org\/en\/wp-json\/wp\/v2\/comments?post=10218"}],"version-history":[{"count":2,"href":"https:\/\/petiteceinture.org\/en\/wp-json\/wp\/v2\/posts\/10218\/revisions"}],"predecessor-version":[{"id":10222,"href":"https:\/\/petiteceinture.org\/en\/wp-json\/wp\/v2\/posts\/10218\/revisions\/10222"}],"wp:featuredmedia":[{"embeddable":true,"href":"https:\/\/petiteceinture.org\/en\/wp-json\/wp\/v2\/media\/10220"}],"wp:attachment":[{"href":"https:\/\/petiteceinture.org\/en\/wp-json\/wp\/v2\/media?parent=10218"}],"wp:term":[{"taxonomy":"category","embeddable":true,"href":"https:\/\/petiteceinture.org\/en\/wp-json\/wp\/v2\/categories?post=10218"},{"taxonomy":"post_tag","embeddable":true,"href":"https:\/\/petiteceinture.org\/en\/wp-json\/wp\/v2\/tags?post=10218"}],"curies":[{"name":"wp","href":"https:\/\/api.w.org\/{rel}","templated":true}]}}